{"id":1,"date":"2019-09-24T22:04:00","date_gmt":"2019-09-25T03:04:00","guid":{"rendered":"https:\/\/redcolombianadeposgrados.org\/web\/?p=1"},"modified":"2026-02-23T07:37:14","modified_gmt":"2026-02-23T12:37:14","slug":"hola-mundo","status":"publish","type":"post","link":"https:\/\/redcolombianadeposgrados.org\/web\/hola-mundo\/","title":{"rendered":"El panorama de los posgrados en Colombia: presente y futuro de la educaci\u00f3n posgradual"},"content":{"rendered":"\n<figure class=\"wp-block-image size-full\"><img fetchpriority=\"high\" decoding=\"async\" width=\"768\" height=\"293\" alt=\"\" class=\"wp-image-272\" src=\"https:\/\/redcolombianadeposgrados.org\/web\/wp-content\/uploads\/2022\/10\/2019-09-24.jpg\" srcset=\"https:\/\/redcolombianadeposgrados.org\/web\/wp-content\/uploads\/2022\/10\/2019-09-24.jpg 768w, https:\/\/redcolombianadeposgrados.org\/web\/wp-content\/uploads\/2022\/10\/2019-09-24-300x114.jpg 300w\" sizes=\"(max-width: 768px) 100vw, 768px\" \/><\/figure>\n\n\n<p><\/p>\n\n\n<p>La Red Colombiana de Posgrados invita a las instituciones educativas del eje cafetero, occidente y suroccidente de nuestro pa\u00eds a participar en el Seminario El panorama de los Posgrados en Colombia: presente y futuro de la educaci\u00f3n posgradual que tendr\u00e1 lugar el pr\u00f3ximo jueves 26 de septiembre en el Edificio 381, Auditorio 2 de la Ciudad Universitaria de la Universidad del Valle (Calle 13 # 100 \u2013 00, Cali, Valle del Cauca) entre la 1:30 y las 5:20 p.m.<\/p>\n\n\n<p><strong>Las inscripciones est\u00e1n abiertas haciendo clic aqu\u00ed, donde tambi\u00e9n podr\u00e1 conocer m\u00e1s sobre los panelistas del evento. \u00a1Los esperamos!<\/strong><\/p>\n\n\n<p>Check this: <a href=\"https:\/\/trathaomochp.com\/herbal-viagra-alternatives-natural-options-for-erectile-support\/\" rel=\"noopener noreferrer\">Herbal Viagra Alternatives: Natural Options for Erectile Support<\/a><\/p><p><\/p>\n","protected":false},"excerpt":{"rendered":"<p>La Red Colombiana de Posgrados invita a las instituciones educativas del eje cafetero, occidente y suroccidente de nuestro pa\u00eds a participar en el Seminario El panorama de los Posgrados en Colombia: presente y futuro de la educaci\u00f3n posgradual que tendr\u00e1 lugar el pr\u00f3ximo jueves 26 de septiembre en el Edificio 381, Auditorio 2 de la [&hellip;]<\/p>\n","protected":false},"author":1,"featured_media":1236,"comment_status":"open","ping_status":"open","sticky":false,"template":"","format":"standard","meta":{"footnotes":""},"categories":[7],"tags":[],"class_list":["post-1","post","type-post","status-publish","format-standard","has-post-thumbnail","hentry","category-noticias"],"yoast_head":"<!-- This site is optimized with the Yoast SEO plugin v27.4 - https:\/\/yoast.com\/product\/yoast-seo-wordpress\/ -->\n<title>El panorama de los posgrados en Colombia: presente y futuro de la educaci\u00f3n posgradual - Red Colombiana de Posgrados<\/title>\n<meta name=\"robots\" content=\"index, follow, max-snippet:-1, max-image-preview:large, max-video-preview:-1\" \/>\n<link rel=\"canonical\" href=\"https:\/\/redcolombianadeposgrados.org\/web\/hola-mundo\/\" \/>\n<meta property=\"og:locale\" content=\"es_ES\" \/>\n<meta property=\"og:type\" content=\"article\" \/>\n<meta property=\"og:title\" content=\"El panorama de los posgrados en Colombia: presente y futuro de la educaci\u00f3n posgradual - Red Colombiana de Posgrados\" \/>\n<meta property=\"og:description\" content=\"La Red Colombiana de Posgrados invita a las instituciones educativas del eje cafetero, occidente y suroccidente de nuestro pa\u00eds a participar en el Seminario El panorama de los Posgrados en Colombia: presente y futuro de la educaci\u00f3n posgradual que tendr\u00e1 lugar el pr\u00f3ximo jueves 26 de septiembre en el Edificio 381, Auditorio 2 de la [&hellip;]\" \/>\n<meta property=\"og:url\" content=\"https:\/\/redcolombianadeposgrados.org\/web\/hola-mundo\/\" \/>\n<meta property=\"og:site_name\" content=\"Red Colombiana de Posgrados\" \/>\n<meta property=\"article:publisher\" content=\"https:\/\/www.facebook.com\/ReddePosgrados\/\" \/>\n<meta property=\"article:published_time\" content=\"2019-09-25T03:04:00+00:00\" \/>\n<meta property=\"article:modified_time\" content=\"2026-02-23T12:37:14+00:00\" \/>\n<meta property=\"og:image\" content=\"https:\/\/redcolombianadeposgrados.org\/web\/wp-content\/uploads\/2019\/09\/Eje-cafetero.png\" \/>\n\t<meta property=\"og:image:width\" content=\"354\" \/>\n\t<meta property=\"og:image:height\" content=\"353\" \/>\n\t<meta property=\"og:image:type\" content=\"image\/png\" \/>\n<meta name=\"author\" content=\"admin.rcp\" \/>\n<meta name=\"twitter:card\" content=\"summary_large_image\" \/>\n<meta name=\"twitter:creator\" content=\"@ReddePosgrados\" \/>\n<meta name=\"twitter:site\" content=\"@ReddePosgrados\" \/>\n<meta name=\"twitter:label1\" content=\"Escrito por\" \/>\n\t<meta name=\"twitter:data1\" content=\"admin.rcp\" \/>\n\t<meta name=\"twitter:label2\" content=\"Tiempo de lectura\" \/>\n\t<meta name=\"twitter:data2\" content=\"1 minuto\" \/>\n<script type=\"application\/ld+json\" class=\"yoast-schema-graph\">{\"@context\":\"https:\\\/\\\/schema.org\",\"@graph\":[{\"@type\":\"Article\",\"@id\":\"https:\\\/\\\/redcolombianadeposgrados.org\\\/web\\\/hola-mundo\\\/#article\",\"isPartOf\":{\"@id\":\"https:\\\/\\\/redcolombianadeposgrados.org\\\/web\\\/hola-mundo\\\/\"},\"author\":{\"name\":\"admin.rcp\",\"@id\":\"https:\\\/\\\/redcolombianadeposgrados.org\\\/web\\\/#\\\/schema\\\/person\\\/8f209887ba042a973aa596004e887fcf\"},\"headline\":\"El panorama de los posgrados en Colombia: presente y futuro de la educaci\u00f3n posgradual\",\"datePublished\":\"2019-09-25T03:04:00+00:00\",\"dateModified\":\"2026-02-23T12:37:14+00:00\",\"mainEntityOfPage\":{\"@id\":\"https:\\\/\\\/redcolombianadeposgrados.org\\\/web\\\/hola-mundo\\\/\"},\"wordCount\":120,\"commentCount\":0,\"publisher\":{\"@id\":\"https:\\\/\\\/redcolombianadeposgrados.org\\\/web\\\/#organization\"},\"image\":{\"@id\":\"https:\\\/\\\/redcolombianadeposgrados.org\\\/web\\\/hola-mundo\\\/#primaryimage\"},\"thumbnailUrl\":\"https:\\\/\\\/redcolombianadeposgrados.org\\\/web\\\/wp-content\\\/uploads\\\/2019\\\/09\\\/Eje-cafetero.png\",\"articleSection\":[\"Noticias\"],\"inLanguage\":\"es-CO\",\"potentialAction\":[{\"@type\":\"CommentAction\",\"name\":\"Comment\",\"target\":[\"https:\\\/\\\/redcolombianadeposgrados.org\\\/web\\\/hola-mundo\\\/#respond\"]}]},{\"@type\":\"WebPage\",\"@id\":\"https:\\\/\\\/redcolombianadeposgrados.org\\\/web\\\/hola-mundo\\\/\",\"url\":\"https:\\\/\\\/redcolombianadeposgrados.org\\\/web\\\/hola-mundo\\\/\",\"name\":\"El panorama de los posgrados en Colombia: presente y futuro de la educaci\u00f3n posgradual - Red Colombiana de Posgrados\",\"isPartOf\":{\"@id\":\"https:\\\/\\\/redcolombianadeposgrados.org\\\/web\\\/#website\"},\"primaryImageOfPage\":{\"@id\":\"https:\\\/\\\/redcolombianadeposgrados.org\\\/web\\\/hola-mundo\\\/#primaryimage\"},\"image\":{\"@id\":\"https:\\\/\\\/redcolombianadeposgrados.org\\\/web\\\/hola-mundo\\\/#primaryimage\"},\"thumbnailUrl\":\"https:\\\/\\\/redcolombianadeposgrados.org\\\/web\\\/wp-content\\\/uploads\\\/2019\\\/09\\\/Eje-cafetero.png\",\"datePublished\":\"2019-09-25T03:04:00+00:00\",\"dateModified\":\"2026-02-23T12:37:14+00:00\",\"breadcrumb\":{\"@id\":\"https:\\\/\\\/redcolombianadeposgrados.org\\\/web\\\/hola-mundo\\\/#breadcrumb\"},\"inLanguage\":\"es-CO\",\"potentialAction\":[{\"@type\":\"ReadAction\",\"target\":[\"https:\\\/\\\/redcolombianadeposgrados.org\\\/web\\\/hola-mundo\\\/\"]}]},{\"@type\":\"ImageObject\",\"inLanguage\":\"es-CO\",\"@id\":\"https:\\\/\\\/redcolombianadeposgrados.org\\\/web\\\/hola-mundo\\\/#primaryimage\",\"url\":\"https:\\\/\\\/redcolombianadeposgrados.org\\\/web\\\/wp-content\\\/uploads\\\/2019\\\/09\\\/Eje-cafetero.png\",\"contentUrl\":\"https:\\\/\\\/redcolombianadeposgrados.org\\\/web\\\/wp-content\\\/uploads\\\/2019\\\/09\\\/Eje-cafetero.png\",\"width\":354,\"height\":353},{\"@type\":\"BreadcrumbList\",\"@id\":\"https:\\\/\\\/redcolombianadeposgrados.org\\\/web\\\/hola-mundo\\\/#breadcrumb\",\"itemListElement\":[{\"@type\":\"ListItem\",\"position\":1,\"name\":\"Inicio\",\"item\":\"https:\\\/\\\/redcolombianadeposgrados.org\\\/web\\\/\"},{\"@type\":\"ListItem\",\"position\":2,\"name\":\"El panorama de los posgrados en Colombia: presente y futuro de la educaci\u00f3n posgradual\"}]},{\"@type\":\"WebSite\",\"@id\":\"https:\\\/\\\/redcolombianadeposgrados.org\\\/web\\\/#website\",\"url\":\"https:\\\/\\\/redcolombianadeposgrados.org\\\/web\\\/\",\"name\":\"Red Colombiana de Posgrados\",\"description\":\"RCP\",\"publisher\":{\"@id\":\"https:\\\/\\\/redcolombianadeposgrados.org\\\/web\\\/#organization\"},\"potentialAction\":[{\"@type\":\"SearchAction\",\"target\":{\"@type\":\"EntryPoint\",\"urlTemplate\":\"https:\\\/\\\/redcolombianadeposgrados.org\\\/web\\\/?s={search_term_string}\"},\"query-input\":{\"@type\":\"PropertyValueSpecification\",\"valueRequired\":true,\"valueName\":\"search_term_string\"}}],\"inLanguage\":\"es-CO\"},{\"@type\":\"Organization\",\"@id\":\"https:\\\/\\\/redcolombianadeposgrados.org\\\/web\\\/#organization\",\"name\":\"Red Colombiana de Posgrados\",\"url\":\"https:\\\/\\\/redcolombianadeposgrados.org\\\/web\\\/\",\"logo\":{\"@type\":\"ImageObject\",\"inLanguage\":\"es-CO\",\"@id\":\"https:\\\/\\\/redcolombianadeposgrados.org\\\/web\\\/#\\\/schema\\\/logo\\\/image\\\/\",\"url\":\"https:\\\/\\\/redcolombianadeposgrados.org\\\/web\\\/wp-content\\\/uploads\\\/2023\\\/04\\\/logo-rcp-web.png\",\"contentUrl\":\"https:\\\/\\\/redcolombianadeposgrados.org\\\/web\\\/wp-content\\\/uploads\\\/2023\\\/04\\\/logo-rcp-web.png\",\"width\":600,\"height\":182,\"caption\":\"Red Colombiana de Posgrados\"},\"image\":{\"@id\":\"https:\\\/\\\/redcolombianadeposgrados.org\\\/web\\\/#\\\/schema\\\/logo\\\/image\\\/\"},\"sameAs\":[\"https:\\\/\\\/www.facebook.com\\\/ReddePosgrados\\\/\",\"https:\\\/\\\/x.com\\\/ReddePosgrados\",\"https:\\\/\\\/www.instagram.com\\\/redcolombianadeposgrados\\\/\",\"https:\\\/\\\/www.linkedin.com\\\/in\\\/red-colombiana-de-posgrados-46b431196\\\/\",\"https:\\\/\\\/www.youtube.com\\\/channel\\\/UCQ4uQlN_Xa4QYR709vqkyJw\"]},{\"@type\":\"Person\",\"@id\":\"https:\\\/\\\/redcolombianadeposgrados.org\\\/web\\\/#\\\/schema\\\/person\\\/8f209887ba042a973aa596004e887fcf\",\"name\":\"admin.rcp\",\"image\":{\"@type\":\"ImageObject\",\"inLanguage\":\"es-CO\",\"@id\":\"\\\/\\\/www.gravatar.com\\\/avatar\\\/2a93480d628e41bb608ce5cef80fdc47?s=96&#038;r=g&#038;d=mm\",\"url\":\"\\\/\\\/www.gravatar.com\\\/avatar\\\/2a93480d628e41bb608ce5cef80fdc47?s=96&#038;r=g&#038;d=mm\",\"contentUrl\":\"\\\/\\\/www.gravatar.com\\\/avatar\\\/2a93480d628e41bb608ce5cef80fdc47?s=96&#038;r=g&#038;d=mm\",\"caption\":\"admin.rcp\"},\"sameAs\":[\"https:\\\/\\\/redcolombianadeposgrados.org\\\/web\"],\"url\":\"https:\\\/\\\/redcolombianadeposgrados.org\\\/web\\\/author\\\/webmaster\\\/\"}]}<\/script>\n<!-- \/ Yoast SEO plugin. -->","yoast_head_json":{"title":"El panorama de los posgrados en Colombia: presente y futuro de la educaci\u00f3n posgradual - Red Colombiana de Posgrados","robots":{"index":"index","follow":"follow","max-snippet":"max-snippet:-1","max-image-preview":"max-image-preview:large","max-video-preview":"max-video-preview:-1"},"canonical":"https:\/\/redcolombianadeposgrados.org\/web\/hola-mundo\/","og_locale":"es_ES","og_type":"article","og_title":"El panorama de los posgrados en Colombia: presente y futuro de la educaci\u00f3n posgradual - Red Colombiana de Posgrados","og_description":"La Red Colombiana de Posgrados invita a las instituciones educativas del eje cafetero, occidente y suroccidente de nuestro pa\u00eds a participar en el Seminario El panorama de los Posgrados en Colombia: presente y futuro de la educaci\u00f3n posgradual que tendr\u00e1 lugar el pr\u00f3ximo jueves 26 de septiembre en el Edificio 381, Auditorio 2 de la [&hellip;]","og_url":"https:\/\/redcolombianadeposgrados.org\/web\/hola-mundo\/","og_site_name":"Red Colombiana de Posgrados","article_publisher":"https:\/\/www.facebook.com\/ReddePosgrados\/","article_published_time":"2019-09-25T03:04:00+00:00","article_modified_time":"2026-02-23T12:37:14+00:00","og_image":[{"width":354,"height":353,"url":"https:\/\/redcolombianadeposgrados.org\/web\/wp-content\/uploads\/2019\/09\/Eje-cafetero.png","type":"image\/png"}],"author":"admin.rcp","twitter_card":"summary_large_image","twitter_creator":"@ReddePosgrados","twitter_site":"@ReddePosgrados","twitter_misc":{"Escrito por":"admin.rcp","Tiempo de lectura":"1 minuto"},"schema":{"@context":"https:\/\/schema.org","@graph":[{"@type":"Article","@id":"https:\/\/redcolombianadeposgrados.org\/web\/hola-mundo\/#article","isPartOf":{"@id":"https:\/\/redcolombianadeposgrados.org\/web\/hola-mundo\/"},"author":{"name":"admin.rcp","@id":"https:\/\/redcolombianadeposgrados.org\/web\/#\/schema\/person\/8f209887ba042a973aa596004e887fcf"},"headline":"El panorama de los posgrados en Colombia: presente y futuro de la educaci\u00f3n posgradual","datePublished":"2019-09-25T03:04:00+00:00","dateModified":"2026-02-23T12:37:14+00:00","mainEntityOfPage":{"@id":"https:\/\/redcolombianadeposgrados.org\/web\/hola-mundo\/"},"wordCount":120,"commentCount":0,"publisher":{"@id":"https:\/\/redcolombianadeposgrados.org\/web\/#organization"},"image":{"@id":"https:\/\/redcolombianadeposgrados.org\/web\/hola-mundo\/#primaryimage"},"thumbnailUrl":"https:\/\/redcolombianadeposgrados.org\/web\/wp-content\/uploads\/2019\/09\/Eje-cafetero.png","articleSection":["Noticias"],"inLanguage":"es-CO","potentialAction":[{"@type":"CommentAction","name":"Comment","target":["https:\/\/redcolombianadeposgrados.org\/web\/hola-mundo\/#respond"]}]},{"@type":"WebPage","@id":"https:\/\/redcolombianadeposgrados.org\/web\/hola-mundo\/","url":"https:\/\/redcolombianadeposgrados.org\/web\/hola-mundo\/","name":"El panorama de los posgrados en Colombia: presente y futuro de la educaci\u00f3n posgradual - Red Colombiana de Posgrados","isPartOf":{"@id":"https:\/\/redcolombianadeposgrados.org\/web\/#website"},"primaryImageOfPage":{"@id":"https:\/\/redcolombianadeposgrados.org\/web\/hola-mundo\/#primaryimage"},"image":{"@id":"https:\/\/redcolombianadeposgrados.org\/web\/hola-mundo\/#primaryimage"},"thumbnailUrl":"https:\/\/redcolombianadeposgrados.org\/web\/wp-content\/uploads\/2019\/09\/Eje-cafetero.png","datePublished":"2019-09-25T03:04:00+00:00","dateModified":"2026-02-23T12:37:14+00:00","breadcrumb":{"@id":"https:\/\/redcolombianadeposgrados.org\/web\/hola-mundo\/#breadcrumb"},"inLanguage":"es-CO","potentialAction":[{"@type":"ReadAction","target":["https:\/\/redcolombianadeposgrados.org\/web\/hola-mundo\/"]}]},{"@type":"ImageObject","inLanguage":"es-CO","@id":"https:\/\/redcolombianadeposgrados.org\/web\/hola-mundo\/#primaryimage","url":"https:\/\/redcolombianadeposgrados.org\/web\/wp-content\/uploads\/2019\/09\/Eje-cafetero.png","contentUrl":"https:\/\/redcolombianadeposgrados.org\/web\/wp-content\/uploads\/2019\/09\/Eje-cafetero.png","width":354,"height":353},{"@type":"BreadcrumbList","@id":"https:\/\/redcolombianadeposgrados.org\/web\/hola-mundo\/#breadcrumb","itemListElement":[{"@type":"ListItem","position":1,"name":"Inicio","item":"https:\/\/redcolombianadeposgrados.org\/web\/"},{"@type":"ListItem","position":2,"name":"El panorama de los posgrados en Colombia: presente y futuro de la educaci\u00f3n posgradual"}]},{"@type":"WebSite","@id":"https:\/\/redcolombianadeposgrados.org\/web\/#website","url":"https:\/\/redcolombianadeposgrados.org\/web\/","name":"Red Colombiana de Posgrados","description":"RCP","publisher":{"@id":"https:\/\/redcolombianadeposgrados.org\/web\/#organization"},"potentialAction":[{"@type":"SearchAction","target":{"@type":"EntryPoint","urlTemplate":"https:\/\/redcolombianadeposgrados.org\/web\/?s={search_term_string}"},"query-input":{"@type":"PropertyValueSpecification","valueRequired":true,"valueName":"search_term_string"}}],"inLanguage":"es-CO"},{"@type":"Organization","@id":"https:\/\/redcolombianadeposgrados.org\/web\/#organization","name":"Red Colombiana de Posgrados","url":"https:\/\/redcolombianadeposgrados.org\/web\/","logo":{"@type":"ImageObject","inLanguage":"es-CO","@id":"https:\/\/redcolombianadeposgrados.org\/web\/#\/schema\/logo\/image\/","url":"https:\/\/redcolombianadeposgrados.org\/web\/wp-content\/uploads\/2023\/04\/logo-rcp-web.png","contentUrl":"https:\/\/redcolombianadeposgrados.org\/web\/wp-content\/uploads\/2023\/04\/logo-rcp-web.png","width":600,"height":182,"caption":"Red Colombiana de Posgrados"},"image":{"@id":"https:\/\/redcolombianadeposgrados.org\/web\/#\/schema\/logo\/image\/"},"sameAs":["https:\/\/www.facebook.com\/ReddePosgrados\/","https:\/\/x.com\/ReddePosgrados","https:\/\/www.instagram.com\/redcolombianadeposgrados\/","https:\/\/www.linkedin.com\/in\/red-colombiana-de-posgrados-46b431196\/","https:\/\/www.youtube.com\/channel\/UCQ4uQlN_Xa4QYR709vqkyJw"]},{"@type":"Person","@id":"https:\/\/redcolombianadeposgrados.org\/web\/#\/schema\/person\/8f209887ba042a973aa596004e887fcf","name":"admin.rcp","image":{"@type":"ImageObject","inLanguage":"es-CO","@id":"\/\/www.gravatar.com\/avatar\/2a93480d628e41bb608ce5cef80fdc47?s=96&#038;r=g&#038;d=mm","url":"\/\/www.gravatar.com\/avatar\/2a93480d628e41bb608ce5cef80fdc47?s=96&#038;r=g&#038;d=mm","contentUrl":"\/\/www.gravatar.com\/avatar\/2a93480d628e41bb608ce5cef80fdc47?s=96&#038;r=g&#038;d=mm","caption":"admin.rcp"},"sameAs":["https:\/\/redcolombianadeposgrados.org\/web"],"url":"https:\/\/redcolombianadeposgrados.org\/web\/author\/webmaster\/"}]}},"rttpg_featured_image_url":{"full":["https:\/\/redcolombianadeposgrados.org\/web\/wp-content\/uploads\/2019\/09\/Eje-cafetero.png",354,353,false],"landscape":["https:\/\/redcolombianadeposgrados.org\/web\/wp-content\/uploads\/2019\/09\/Eje-cafetero.png",354,353,false],"portraits":["https:\/\/redcolombianadeposgrados.org\/web\/wp-content\/uploads\/2019\/09\/Eje-cafetero.png",354,353,false],"thumbnail":["https:\/\/redcolombianadeposgrados.org\/web\/wp-content\/uploads\/2019\/09\/Eje-cafetero-150x150.png",150,150,true],"medium":["https:\/\/redcolombianadeposgrados.org\/web\/wp-content\/uploads\/2019\/09\/Eje-cafetero-300x300.png",300,300,true],"large":["https:\/\/redcolombianadeposgrados.org\/web\/wp-content\/uploads\/2019\/09\/Eje-cafetero.png",354,353,false],"thumblist":["https:\/\/redcolombianadeposgrados.org\/web\/wp-content\/uploads\/2019\/09\/Eje-cafetero-300x300.png",300,300,true],"thumbrelated":["https:\/\/redcolombianadeposgrados.org\/web\/wp-content\/uploads\/2019\/09\/Eje-cafetero.png",354,353,false],"meccarouselthumb":["https:\/\/redcolombianadeposgrados.org\/web\/wp-content\/uploads\/2019\/09\/Eje-cafetero-354x324.png",354,324,true],"gridsquare":["https:\/\/redcolombianadeposgrados.org\/web\/wp-content\/uploads\/2019\/09\/Eje-cafetero-354x260.png",354,260,true],"tileview":["https:\/\/redcolombianadeposgrados.org\/web\/wp-content\/uploads\/2019\/09\/Eje-cafetero-300x353.png",300,353,true],"1536x1536":["https:\/\/redcolombianadeposgrados.org\/web\/wp-content\/uploads\/2019\/09\/Eje-cafetero.png",354,353,false],"2048x2048":["https:\/\/redcolombianadeposgrados.org\/web\/wp-content\/uploads\/2019\/09\/Eje-cafetero.png",354,353,false]},"rttpg_author":{"display_name":"admin.rcp","author_link":"https:\/\/redcolombianadeposgrados.org\/web\/author\/webmaster\/"},"rttpg_comment":0,"rttpg_category":"<a href=\"https:\/\/redcolombianadeposgrados.org\/web\/category\/noticias\/\" rel=\"category tag\">Noticias<\/a>","rttpg_excerpt":"La Red Colombiana de Posgrados invita a las instituciones educativas del eje cafetero, occidente y suroccidente de nuestro pa\u00eds a participar en el Seminario El panorama de los Posgrados en Colombia: presente y futuro de la educaci\u00f3n posgradual que tendr\u00e1 lugar el pr\u00f3ximo jueves 26 de septiembre en el Edificio 381, Auditorio 2 de la&hellip;","_links":{"self":[{"href":"https:\/\/redcolombianadeposgrados.org\/web\/wp-json\/wp\/v2\/posts\/1","targetHints":{"allow":["GET"]}}],"collection":[{"href":"https:\/\/redcolombianadeposgrados.org\/web\/wp-json\/wp\/v2\/posts"}],"about":[{"href":"https:\/\/redcolombianadeposgrados.org\/web\/wp-json\/wp\/v2\/types\/post"}],"author":[{"embeddable":true,"href":"https:\/\/redcolombianadeposgrados.org\/web\/wp-json\/wp\/v2\/users\/1"}],"replies":[{"embeddable":true,"href":"https:\/\/redcolombianadeposgrados.org\/web\/wp-json\/wp\/v2\/comments?post=1"}],"version-history":[{"count":5,"href":"https:\/\/redcolombianadeposgrados.org\/web\/wp-json\/wp\/v2\/posts\/1\/revisions"}],"predecessor-version":[{"id":7364,"href":"https:\/\/redcolombianadeposgrados.org\/web\/wp-json\/wp\/v2\/posts\/1\/revisions\/7364"}],"wp:featuredmedia":[{"embeddable":true,"href":"https:\/\/redcolombianadeposgrados.org\/web\/wp-json\/wp\/v2\/media\/1236"}],"wp:attachment":[{"href":"https:\/\/redcolombianadeposgrados.org\/web\/wp-json\/wp\/v2\/media?parent=1"}],"wp:term":[{"taxonomy":"category","embeddable":true,"href":"https:\/\/redcolombianadeposgrados.org\/web\/wp-json\/wp\/v2\/categories?post=1"},{"taxonomy":"post_tag","embeddable":true,"href":"https:\/\/redcolombianadeposgrados.org\/web\/wp-json\/wp\/v2\/tags?post=1"}],"curies":[{"name":"wp","href":"https:\/\/api.w.org\/{rel}","templated":true}]}}