{"id":8388,"date":"2026-09-04T10:34:11","date_gmt":"2026-09-04T15:34:11","guid":{"rendered":"https:\/\/redcolombianadeposgrados.org\/web\/?p=8388"},"modified":"2026-09-04T14:36:01","modified_gmt":"2026-09-04T19:36:01","slug":"estudiantes-de-posgrado-se-preparan-para-el-concurso-3mt-con-la-charla-habilidades-blandas-y-competencias-comunicativas","status":"publish","type":"post","link":"https:\/\/redcolombianadeposgrados.org\/web\/estudiantes-de-posgrado-se-preparan-para-el-concurso-3mt-con-la-charla-habilidades-blandas-y-competencias-comunicativas\/","title":{"rendered":"Estudiantes de posgrado se preparan para el Concurso 3MT con la charla &#8220;Habilidades Blandas y Competencias Comunicativas&#8221;"},"content":{"rendered":"\t\t<div data-elementor-type=\"wp-post\" data-elementor-id=\"8388\" class=\"elementor elementor-8388\" data-elementor-post-type=\"post\">\n\t\t\t\t\t\t<section class=\"elementor-section elementor-top-section elementor-element elementor-element-c5dec37 elementor-section-boxed elementor-section-height-default elementor-section-height-default\" data-id=\"c5dec37\" data-element_type=\"section\" data-e-type=\"section\">\n\t\t\t\t\t\t<div class=\"elementor-container elementor-column-gap-default\">\n\t\t\t\t\t<div class=\"elementor-column elementor-col-100 elementor-top-column elementor-element elementor-element-f73d535\" data-id=\"f73d535\" data-element_type=\"column\" data-e-type=\"column\">\n\t\t\t<div class=\"elementor-widget-wrap elementor-element-populated\">\n\t\t\t\t\t\t<div class=\"elementor-element elementor-element-a8a5e6d elementor-widget-divider--view-line elementor-widget elementor-widget-divider\" data-id=\"a8a5e6d\" data-element_type=\"widget\" data-e-type=\"widget\" data-widget_type=\"divider.default\">\n\t\t\t\t<div class=\"elementor-widget-container\">\n\t\t\t\t\t\t\t<div class=\"elementor-divider\">\n\t\t\t<span class=\"elementor-divider-separator\">\n\t\t\t\t\t\t<\/span>\n\t\t<\/div>\n\t\t\t\t\t\t<\/div>\n\t\t\t\t<\/div>\n\t\t\t\t\t<\/div>\n\t\t<\/div>\n\t\t\t\t\t<\/div>\n\t\t<\/section>\n\t\t\t\t<section class=\"elementor-section elementor-top-section elementor-element elementor-element-45ffda4 elementor-section-boxed elementor-section-height-default elementor-section-height-default\" data-id=\"45ffda4\" data-element_type=\"section\" data-e-type=\"section\">\n\t\t\t\t\t\t<div class=\"elementor-container elementor-column-gap-default\">\n\t\t\t\t\t<div class=\"elementor-column elementor-col-100 elementor-top-column elementor-element elementor-element-4a4787e\" data-id=\"4a4787e\" data-element_type=\"column\" data-e-type=\"column\">\n\t\t\t<div class=\"elementor-widget-wrap elementor-element-populated\">\n\t\t\t\t\t\t<div class=\"elementor-element elementor-element-97c7ae0 elementor-widget elementor-widget-heading\" data-id=\"97c7ae0\" data-element_type=\"widget\" data-e-type=\"widget\" data-widget_type=\"heading.default\">\n\t\t\t\t<div class=\"elementor-widget-container\">\n\t\t\t\t\t<h4 class=\"elementor-heading-title elementor-size-default\">La Red Colombiana de Posgrados invita a la charla preparatoria del Concurso Tesis en Tres Minutos (3MT) RCP 2026. Ser\u00e1 el martes 8 de septiembre a las 10:00 a.m., en modalidad virtual y con transmisi\u00f3n por YouTube.<\/h4>\t\t\t\t<\/div>\n\t\t\t\t<\/div>\n\t\t\t\t\t<\/div>\n\t\t<\/div>\n\t\t\t\t\t<\/div>\n\t\t<\/section>\n\t\t\t\t<section class=\"elementor-section elementor-top-section elementor-element elementor-element-714a753 elementor-section-boxed elementor-section-height-default elementor-section-height-default\" data-id=\"714a753\" data-element_type=\"section\" data-e-type=\"section\">\n\t\t\t\t\t\t<div class=\"elementor-container elementor-column-gap-default\">\n\t\t\t\t\t<div class=\"elementor-column elementor-col-50 elementor-top-column elementor-element elementor-element-d954ab5\" data-id=\"d954ab5\" data-element_type=\"column\" data-e-type=\"column\">\n\t\t\t<div class=\"elementor-widget-wrap elementor-element-populated\">\n\t\t\t\t\t\t<div class=\"elementor-element elementor-element-c508736 elementor-widget elementor-widget-text-editor\" data-id=\"c508736\" data-element_type=\"widget\" data-e-type=\"widget\" data-widget_type=\"text-editor.default\">\n\t\t\t\t<div class=\"elementor-widget-container\">\n\t\t\t\t\t\t\t\t\t<p dir=\"ltr\">En el marco del Concurso Tesis en Tres Minutos (3MT) RCP 2026, la Red Colombiana de Posgrados, junto con la Direcci\u00f3n Nacional de Programas de Posgrado y Bienestar de la Universidad Nacional de Colombia, realizar\u00e1 la charla <strong>&#8220;Habilidades Blandas y Competencias Comunicativas&#8221;<\/strong>, dirigida a estudiantes de posgrado.<\/p><p dir=\"ltr\">La sesi\u00f3n busca fortalecer las capacidades de comunicaci\u00f3n acad\u00e9mica de los participantes y prepararlos para presentar los resultados de sus investigaciones ante p\u00fablicos no especializados. Durante el encuentro se abordar\u00e1n tres ejes: <strong>pensamiento cr\u00edtico<\/strong>, <strong>comunicaci\u00f3n efectiva<\/strong> y <strong>manejo de la diapositiva para el concurso<\/strong>.<\/p><p dir=\"ltr\">Para los representantes institucionales que avanzan a la etapa de nodos, esta charla es una actividad preparatoria de car\u00e1cter <strong>obligatorio<\/strong>, conforme a los lineamientos del concurso.<\/p>\t\t\t\t\t\t\t\t<\/div>\n\t\t\t\t<\/div>\n\t\t\t\t\t<\/div>\n\t\t<\/div>\n\t\t\t\t<div class=\"elementor-column elementor-col-50 elementor-top-column elementor-element elementor-element-6e643cf\" data-id=\"6e643cf\" data-element_type=\"column\" data-e-type=\"column\">\n\t\t\t<div class=\"elementor-widget-wrap elementor-element-populated\">\n\t\t\t\t\t\t<div class=\"elementor-element elementor-element-b19c368 elementor-widget elementor-widget-image\" data-id=\"b19c368\" data-element_type=\"widget\" data-e-type=\"widget\" data-widget_type=\"image.default\">\n\t\t\t\t<div class=\"elementor-widget-container\">\n\t\t\t\t\t\t\t\t\t\t\t\t\t\t\t<img fetchpriority=\"high\" decoding=\"async\" width=\"800\" height=\"839\" src=\"https:\/\/redcolombianadeposgrados.org\/web\/wp-content\/uploads\/2026\/09\/WhatsApp-Image-2026-09-04-at-8.31.54-AM-976x1024.jpeg\" class=\"attachment-large size-large wp-image-8384\" alt=\"\" srcset=\"https:\/\/redcolombianadeposgrados.org\/web\/wp-content\/uploads\/2026\/09\/WhatsApp-Image-2026-09-04-at-8.31.54-AM-976x1024.jpeg 976w, https:\/\/redcolombianadeposgrados.org\/web\/wp-content\/uploads\/2026\/09\/WhatsApp-Image-2026-09-04-at-8.31.54-AM-286x300.jpeg 286w, https:\/\/redcolombianadeposgrados.org\/web\/wp-content\/uploads\/2026\/09\/WhatsApp-Image-2026-09-04-at-8.31.54-AM-768x806.jpeg 768w, https:\/\/redcolombianadeposgrados.org\/web\/wp-content\/uploads\/2026\/09\/WhatsApp-Image-2026-09-04-at-8.31.54-AM-1464x1536.jpeg 1464w, https:\/\/redcolombianadeposgrados.org\/web\/wp-content\/uploads\/2026\/09\/WhatsApp-Image-2026-09-04-at-8.31.54-AM.jpeg 1525w\" sizes=\"(max-width: 800px) 100vw, 800px\" \/>\t\t\t\t\t\t\t\t\t\t\t\t\t\t\t<\/div>\n\t\t\t\t<\/div>\n\t\t\t\t\t<\/div>\n\t\t<\/div>\n\t\t\t\t\t<\/div>\n\t\t<\/section>\n\t\t\t\t<section class=\"elementor-section elementor-top-section elementor-element elementor-element-118af33 elementor-section-boxed elementor-section-height-default elementor-section-height-default\" data-id=\"118af33\" data-element_type=\"section\" data-e-type=\"section\">\n\t\t\t\t\t\t<div class=\"elementor-container elementor-column-gap-default\">\n\t\t\t\t\t<div class=\"elementor-column elementor-col-50 elementor-top-column elementor-element elementor-element-474e38e\" data-id=\"474e38e\" data-element_type=\"column\" data-e-type=\"column\">\n\t\t\t<div class=\"elementor-widget-wrap elementor-element-populated\">\n\t\t\t\t\t\t<div class=\"elementor-element elementor-element-76053c8 elementor-widget elementor-widget-text-editor\" data-id=\"76053c8\" data-element_type=\"widget\" data-e-type=\"widget\" data-widget_type=\"text-editor.default\">\n\t\t\t\t<div class=\"elementor-widget-container\">\n\t\t\t\t\t\t\t\t\t<h3 dir=\"ltr\">Detalles del evento<\/h3><ul dir=\"ltr\"><li><strong>Fecha:<\/strong> martes 8 de septiembre de 2026<\/li><li><strong>Hora:<\/strong> 10:00 a.m.<\/li><li><strong>Modalidad:<\/strong> virtual &#8211; transmisi\u00f3n por YouTube<\/li><\/ul>\t\t\t\t\t\t\t\t<\/div>\n\t\t\t\t<\/div>\n\t\t\t\t<div class=\"elementor-element elementor-element-05a1f14 elementor-align-center elementor-widget elementor-widget-button\" data-id=\"05a1f14\" data-element_type=\"widget\" data-e-type=\"widget\" data-widget_type=\"button.default\">\n\t\t\t\t<div class=\"elementor-widget-container\">\n\t\t\t\t\t\t\t\t\t<div class=\"elementor-button-wrapper\">\n\t\t\t\t\t<a class=\"elementor-button elementor-button-link elementor-size-sm\" href=\"https:\/\/www.youtube.com\/live\/B7VS_NLo6PQ\">\n\t\t\t\t\t\t<span class=\"elementor-button-content-wrapper\">\n\t\t\t\t\t\t\t\t\t<span class=\"elementor-button-text\">LINK CHARLA YOUTUBE<\/span>\n\t\t\t\t\t<\/span>\n\t\t\t\t\t<\/a>\n\t\t\t\t<\/div>\n\t\t\t\t\t\t\t\t<\/div>\n\t\t\t\t<\/div>\n\t\t\t\t\t<\/div>\n\t\t<\/div>\n\t\t\t\t<div class=\"elementor-column elementor-col-50 elementor-top-column elementor-element elementor-element-f1e482a\" data-id=\"f1e482a\" data-element_type=\"column\" data-e-type=\"column\">\n\t\t\t<div class=\"elementor-widget-wrap elementor-element-populated\">\n\t\t\t\t\t\t<div class=\"elementor-element elementor-element-738b284 elementor-align-center elementor-widget elementor-widget-button\" data-id=\"738b284\" data-element_type=\"widget\" data-e-type=\"widget\" data-widget_type=\"button.default\">\n\t\t\t\t<div class=\"elementor-widget-container\">\n\t\t\t\t\t\t\t\t\t<div class=\"elementor-button-wrapper\">\n\t\t\t\t\t<a class=\"elementor-button elementor-button-link elementor-size-sm\" href=\"https:\/\/redcolombianadeposgrados.org\/web\/wp-content\/uploads\/2026\/09\/Lineamientos_Concurso_3MT_RCP_2026.pdf\">\n\t\t\t\t\t\t<span class=\"elementor-button-content-wrapper\">\n\t\t\t\t\t\t\t\t\t<span class=\"elementor-button-text\">DESCARGA LOS LINEAMIENTOS DEL CONCURSO<\/span>\n\t\t\t\t\t<\/span>\n\t\t\t\t\t<\/a>\n\t\t\t\t<\/div>\n\t\t\t\t\t\t\t\t<\/div>\n\t\t\t\t<\/div>\n\t\t\t\t<div class=\"elementor-element elementor-element-2c17f4d elementor-widget elementor-widget-text-editor\" data-id=\"2c17f4d\" data-element_type=\"widget\" data-e-type=\"widget\" data-widget_type=\"text-editor.default\">\n\t\t\t\t<div class=\"elementor-widget-container\">\n\t\t\t\t\t\t\t\t\t<h2 dir=\"ltr\">Sobre el Concurso 3MT<\/h2><p dir=\"ltr\">El Concurso Tesis en Tres Minutos reta a doctorandos y egresados recientes a explicar, en un m\u00e1ximo de tres minutos y con una sola diapositiva, la esencia y la relevancia de su investigaci\u00f3n ante una audiencia no especializada. El certamen se desarrolla en tres etapas \u2014institucional, nodal y final nacional\u2014 y su final se llevar\u00e1 a cabo en el marco del Tercer Encuentro Internodos de la Red Colombiana de Posgrados 2026.<\/p><p dir=\"ltr\">Para m\u00e1s informaci\u00f3n, escriba al correo <a href=\"mailto:concurso3mt_nal@unal.edu.co\">concurso3mt_nal@unal.edu.co<\/a>.<\/p>\t\t\t\t\t\t\t\t<\/div>\n\t\t\t\t<\/div>\n\t\t\t\t\t<\/div>\n\t\t<\/div>\n\t\t\t\t\t<\/div>\n\t\t<\/section>\n\t\t\t\t<\/div>\n\t\t","protected":false},"excerpt":{"rendered":"<p>La Red Colombiana de Posgrados invita a los estudiantes de posgrado a la charla &#8220;Habilidades Blandas y Competencias Comunicativas&#8221;, actividad preparatoria del Concurso Tesis en Tres Minutos (3MT) RCP 2026. Martes 8 de septiembre, 10:00 a.m., en modalidad virtual con transmisi\u00f3n por YouTube.<\/p>\n","protected":false},"author":78,"featured_media":8387,"comment_status":"closed","ping_status":"closed","sticky":false,"template":"","format":"standard","meta":{"footnotes":"","_members_access_role":[],"_members_access_error":""},"categories":[6,19],"tags":[],"class_list":["post-8388","post","type-post","status-publish","format-standard","has-post-thumbnail","hentry","category-comunicados","category-eventos"],"yoast_head":"<!-- This site is optimized with the Yoast SEO plugin v28.4 - https:\/\/yoast.com\/product\/yoast-seo-wordpress\/ -->\n<title>Estudiantes de posgrado se preparan para el Concurso 3MT con la charla &quot;Habilidades Blandas y Competencias Comunicativas&quot; - Red Colombiana de Posgrados<\/title>\n<meta name=\"robots\" content=\"index, follow, max-snippet:-1, max-image-preview:large, max-video-preview:-1\" \/>\n<link rel=\"canonical\" href=\"https:\/\/redcolombianadeposgrados.org\/web\/estudiantes-de-posgrado-se-preparan-para-el-concurso-3mt-con-la-charla-habilidades-blandas-y-competencias-comunicativas\/\" \/>\n<meta property=\"og:locale\" content=\"es_ES\" \/>\n<meta property=\"og:type\" content=\"article\" \/>\n<meta property=\"og:title\" content=\"Estudiantes de posgrado se preparan para el Concurso 3MT con la charla &quot;Habilidades Blandas y Competencias Comunicativas&quot; - Red Colombiana de Posgrados\" \/>\n<meta property=\"og:description\" content=\"La Red Colombiana de Posgrados invita a los estudiantes de posgrado a la charla &quot;Habilidades Blandas y Competencias Comunicativas&quot;, actividad preparatoria del Concurso Tesis en Tres Minutos (3MT) RCP 2026. Martes 8 de septiembre, 10:00 a.m., en modalidad virtual con transmisi\u00f3n por YouTube.\" \/>\n<meta property=\"og:url\" content=\"https:\/\/redcolombianadeposgrados.org\/web\/estudiantes-de-posgrado-se-preparan-para-el-concurso-3mt-con-la-charla-habilidades-blandas-y-competencias-comunicativas\/\" \/>\n<meta property=\"og:site_name\" content=\"Red Colombiana de Posgrados\" \/>\n<meta property=\"article:publisher\" content=\"https:\/\/www.facebook.com\/ReddePosgrados\/\" \/>\n<meta property=\"article:published_time\" content=\"2026-09-04T15:34:11+00:00\" \/>\n<meta property=\"article:modified_time\" content=\"2026-09-04T19:36:01+00:00\" \/>\n<meta property=\"og:image\" content=\"https:\/\/redcolombianadeposgrados.org\/web\/wp-content\/uploads\/2026\/09\/ChatGPT-Image-4-sept-2026-10_19_24-a.m.png\" \/>\n\t<meta property=\"og:image:width\" content=\"1944\" \/>\n\t<meta property=\"og:image:height\" content=\"809\" \/>\n\t<meta property=\"og:image:type\" content=\"image\/png\" \/>\n<meta name=\"author\" content=\"Carolay Rodr\u00edguez\" \/>\n<meta name=\"twitter:card\" content=\"summary_large_image\" \/>\n<meta name=\"twitter:creator\" content=\"@ReddePosgrados\" \/>\n<meta name=\"twitter:site\" content=\"@ReddePosgrados\" \/>\n<meta name=\"twitter:label1\" content=\"Escrito por\" \/>\n\t<meta name=\"twitter:data1\" content=\"Carolay Rodr\u00edguez\" \/>\n\t<meta name=\"twitter:label2\" content=\"Tiempo de lectura\" \/>\n\t<meta name=\"twitter:data2\" content=\"2 minutos\" \/>\n<script type=\"application\/ld+json\" class=\"yoast-schema-graph\">{\"@context\":\"https:\\\/\\\/schema.org\",\"@graph\":[{\"@type\":\"Article\",\"@id\":\"https:\\\/\\\/redcolombianadeposgrados.org\\\/web\\\/estudiantes-de-posgrado-se-preparan-para-el-concurso-3mt-con-la-charla-habilidades-blandas-y-competencias-comunicativas\\\/#article\",\"isPartOf\":{\"@id\":\"https:\\\/\\\/redcolombianadeposgrados.org\\\/web\\\/estudiantes-de-posgrado-se-preparan-para-el-concurso-3mt-con-la-charla-habilidades-blandas-y-competencias-comunicativas\\\/\"},\"author\":{\"name\":\"Carolay Rodr\u00edguez\",\"@id\":\"https:\\\/\\\/redcolombianadeposgrados.org\\\/web\\\/#\\\/schema\\\/person\\\/68697ee783ce0c6c79713a4e9a34abbe\"},\"headline\":\"Estudiantes de posgrado se preparan para el Concurso 3MT con la charla &#8220;Habilidades Blandas y Competencias Comunicativas&#8221;\",\"datePublished\":\"2026-09-04T15:34:11+00:00\",\"dateModified\":\"2026-09-04T19:36:01+00:00\",\"mainEntityOfPage\":{\"@id\":\"https:\\\/\\\/redcolombianadeposgrados.org\\\/web\\\/estudiantes-de-posgrado-se-preparan-para-el-concurso-3mt-con-la-charla-habilidades-blandas-y-competencias-comunicativas\\\/\"},\"wordCount\":294,\"publisher\":{\"@id\":\"https:\\\/\\\/redcolombianadeposgrados.org\\\/web\\\/#organization\"},\"image\":{\"@id\":\"https:\\\/\\\/redcolombianadeposgrados.org\\\/web\\\/estudiantes-de-posgrado-se-preparan-para-el-concurso-3mt-con-la-charla-habilidades-blandas-y-competencias-comunicativas\\\/#primaryimage\"},\"thumbnailUrl\":\"https:\\\/\\\/redcolombianadeposgrados.org\\\/web\\\/wp-content\\\/uploads\\\/2026\\\/09\\\/ChatGPT-Image-4-sept-2026-10_19_24-a.m.png\",\"articleSection\":[\"Comunicados\",\"Eventos\"],\"inLanguage\":\"es-CO\"},{\"@type\":\"WebPage\",\"@id\":\"https:\\\/\\\/redcolombianadeposgrados.org\\\/web\\\/estudiantes-de-posgrado-se-preparan-para-el-concurso-3mt-con-la-charla-habilidades-blandas-y-competencias-comunicativas\\\/\",\"url\":\"https:\\\/\\\/redcolombianadeposgrados.org\\\/web\\\/estudiantes-de-posgrado-se-preparan-para-el-concurso-3mt-con-la-charla-habilidades-blandas-y-competencias-comunicativas\\\/\",\"name\":\"Estudiantes de posgrado se preparan para el Concurso 3MT con la charla \\\"Habilidades Blandas y Competencias Comunicativas\\\" - Red Colombiana de Posgrados\",\"isPartOf\":{\"@id\":\"https:\\\/\\\/redcolombianadeposgrados.org\\\/web\\\/#website\"},\"primaryImageOfPage\":{\"@id\":\"https:\\\/\\\/redcolombianadeposgrados.org\\\/web\\\/estudiantes-de-posgrado-se-preparan-para-el-concurso-3mt-con-la-charla-habilidades-blandas-y-competencias-comunicativas\\\/#primaryimage\"},\"image\":{\"@id\":\"https:\\\/\\\/redcolombianadeposgrados.org\\\/web\\\/estudiantes-de-posgrado-se-preparan-para-el-concurso-3mt-con-la-charla-habilidades-blandas-y-competencias-comunicativas\\\/#primaryimage\"},\"thumbnailUrl\":\"https:\\\/\\\/redcolombianadeposgrados.org\\\/web\\\/wp-content\\\/uploads\\\/2026\\\/09\\\/ChatGPT-Image-4-sept-2026-10_19_24-a.m.png\",\"datePublished\":\"2026-09-04T15:34:11+00:00\",\"dateModified\":\"2026-09-04T19:36:01+00:00\",\"breadcrumb\":{\"@id\":\"https:\\\/\\\/redcolombianadeposgrados.org\\\/web\\\/estudiantes-de-posgrado-se-preparan-para-el-concurso-3mt-con-la-charla-habilidades-blandas-y-competencias-comunicativas\\\/#breadcrumb\"},\"inLanguage\":\"es-CO\",\"potentialAction\":[{\"@type\":\"ReadAction\",\"target\":[\"https:\\\/\\\/redcolombianadeposgrados.org\\\/web\\\/estudiantes-de-posgrado-se-preparan-para-el-concurso-3mt-con-la-charla-habilidades-blandas-y-competencias-comunicativas\\\/\"]}]},{\"@type\":\"ImageObject\",\"inLanguage\":\"es-CO\",\"@id\":\"https:\\\/\\\/redcolombianadeposgrados.org\\\/web\\\/estudiantes-de-posgrado-se-preparan-para-el-concurso-3mt-con-la-charla-habilidades-blandas-y-competencias-comunicativas\\\/#primaryimage\",\"url\":\"https:\\\/\\\/redcolombianadeposgrados.org\\\/web\\\/wp-content\\\/uploads\\\/2026\\\/09\\\/ChatGPT-Image-4-sept-2026-10_19_24-a.m.png\",\"contentUrl\":\"https:\\\/\\\/redcolombianadeposgrados.org\\\/web\\\/wp-content\\\/uploads\\\/2026\\\/09\\\/ChatGPT-Image-4-sept-2026-10_19_24-a.m.png\",\"width\":1944,\"height\":809},{\"@type\":\"BreadcrumbList\",\"@id\":\"https:\\\/\\\/redcolombianadeposgrados.org\\\/web\\\/estudiantes-de-posgrado-se-preparan-para-el-concurso-3mt-con-la-charla-habilidades-blandas-y-competencias-comunicativas\\\/#breadcrumb\",\"itemListElement\":[{\"@type\":\"ListItem\",\"position\":1,\"name\":\"Inicio\",\"item\":\"https:\\\/\\\/redcolombianadeposgrados.org\\\/web\\\/\"},{\"@type\":\"ListItem\",\"position\":2,\"name\":\"Estudiantes de posgrado se preparan para el Concurso 3MT con la charla &#8220;Habilidades Blandas y Competencias Comunicativas&#8221;\"}]},{\"@type\":\"WebSite\",\"@id\":\"https:\\\/\\\/redcolombianadeposgrados.org\\\/web\\\/#website\",\"url\":\"https:\\\/\\\/redcolombianadeposgrados.org\\\/web\\\/\",\"name\":\"Red Colombiana de Posgrados\",\"description\":\"RCP\",\"publisher\":{\"@id\":\"https:\\\/\\\/redcolombianadeposgrados.org\\\/web\\\/#organization\"},\"potentialAction\":[{\"@type\":\"SearchAction\",\"target\":{\"@type\":\"EntryPoint\",\"urlTemplate\":\"https:\\\/\\\/redcolombianadeposgrados.org\\\/web\\\/?s={search_term_string}\"},\"query-input\":{\"@type\":\"PropertyValueSpecification\",\"valueRequired\":true,\"valueName\":\"search_term_string\"}}],\"inLanguage\":\"es-CO\"},{\"@type\":\"Organization\",\"@id\":\"https:\\\/\\\/redcolombianadeposgrados.org\\\/web\\\/#organization\",\"name\":\"Red Colombiana de Posgrados\",\"url\":\"https:\\\/\\\/redcolombianadeposgrados.org\\\/web\\\/\",\"logo\":{\"@type\":\"ImageObject\",\"inLanguage\":\"es-CO\",\"@id\":\"https:\\\/\\\/redcolombianadeposgrados.org\\\/web\\\/#\\\/schema\\\/logo\\\/image\\\/\",\"url\":\"https:\\\/\\\/redcolombianadeposgrados.org\\\/web\\\/wp-content\\\/uploads\\\/2023\\\/04\\\/logo-rcp-web.png\",\"contentUrl\":\"https:\\\/\\\/redcolombianadeposgrados.org\\\/web\\\/wp-content\\\/uploads\\\/2023\\\/04\\\/logo-rcp-web.png\",\"width\":600,\"height\":182,\"caption\":\"Red Colombiana de Posgrados\"},\"image\":{\"@id\":\"https:\\\/\\\/redcolombianadeposgrados.org\\\/web\\\/#\\\/schema\\\/logo\\\/image\\\/\"},\"sameAs\":[\"https:\\\/\\\/www.facebook.com\\\/ReddePosgrados\\\/\",\"https:\\\/\\\/x.com\\\/ReddePosgrados\",\"https:\\\/\\\/www.instagram.com\\\/redcolombianadeposgrados\\\/\",\"https:\\\/\\\/www.linkedin.com\\\/in\\\/red-colombiana-de-posgrados-46b431196\\\/\",\"https:\\\/\\\/www.youtube.com\\\/channel\\\/UCQ4uQlN_Xa4QYR709vqkyJw\"]},{\"@type\":\"Person\",\"@id\":\"https:\\\/\\\/redcolombianadeposgrados.org\\\/web\\\/#\\\/schema\\\/person\\\/68697ee783ce0c6c79713a4e9a34abbe\",\"name\":\"Carolay Rodr\u00edguez\",\"image\":{\"@type\":\"ImageObject\",\"inLanguage\":\"es-CO\",\"@id\":\"\\\/\\\/www.gravatar.com\\\/avatar\\\/31776ef0a6533d5d336c1d1158a6d360?s=96&#038;r=g&#038;d=mm\",\"url\":\"\\\/\\\/www.gravatar.com\\\/avatar\\\/31776ef0a6533d5d336c1d1158a6d360?s=96&#038;r=g&#038;d=mm\",\"contentUrl\":\"\\\/\\\/www.gravatar.com\\\/avatar\\\/31776ef0a6533d5d336c1d1158a6d360?s=96&#038;r=g&#038;d=mm\",\"caption\":\"Carolay Rodr\u00edguez\"},\"url\":\"https:\\\/\\\/redcolombianadeposgrados.org\\\/web\\\/author\\\/carolay-rodriguez\\\/\"}]}<\/script>\n<!-- \/ Yoast SEO plugin. -->","yoast_head_json":{"title":"Estudiantes de posgrado se preparan para el Concurso 3MT con la charla \"Habilidades Blandas y Competencias Comunicativas\" - Red Colombiana de Posgrados","robots":{"index":"index","follow":"follow","max-snippet":"max-snippet:-1","max-image-preview":"max-image-preview:large","max-video-preview":"max-video-preview:-1"},"canonical":"https:\/\/redcolombianadeposgrados.org\/web\/estudiantes-de-posgrado-se-preparan-para-el-concurso-3mt-con-la-charla-habilidades-blandas-y-competencias-comunicativas\/","og_locale":"es_ES","og_type":"article","og_title":"Estudiantes de posgrado se preparan para el Concurso 3MT con la charla \"Habilidades Blandas y Competencias Comunicativas\" - Red Colombiana de Posgrados","og_description":"La Red Colombiana de Posgrados invita a los estudiantes de posgrado a la charla \"Habilidades Blandas y Competencias Comunicativas\", actividad preparatoria del Concurso Tesis en Tres Minutos (3MT) RCP 2026. Martes 8 de septiembre, 10:00 a.m., en modalidad virtual con transmisi\u00f3n por YouTube.","og_url":"https:\/\/redcolombianadeposgrados.org\/web\/estudiantes-de-posgrado-se-preparan-para-el-concurso-3mt-con-la-charla-habilidades-blandas-y-competencias-comunicativas\/","og_site_name":"Red Colombiana de Posgrados","article_publisher":"https:\/\/www.facebook.com\/ReddePosgrados\/","article_published_time":"2026-09-04T15:34:11+00:00","article_modified_time":"2026-09-04T19:36:01+00:00","og_image":[{"width":1944,"height":809,"url":"https:\/\/redcolombianadeposgrados.org\/web\/wp-content\/uploads\/2026\/09\/ChatGPT-Image-4-sept-2026-10_19_24-a.m.png","type":"image\/png"}],"author":"Carolay Rodr\u00edguez","twitter_card":"summary_large_image","twitter_creator":"@ReddePosgrados","twitter_site":"@ReddePosgrados","twitter_misc":{"Escrito por":"Carolay Rodr\u00edguez","Tiempo de lectura":"2 minutos"},"schema":{"@context":"https:\/\/schema.org","@graph":[{"@type":"Article","@id":"https:\/\/redcolombianadeposgrados.org\/web\/estudiantes-de-posgrado-se-preparan-para-el-concurso-3mt-con-la-charla-habilidades-blandas-y-competencias-comunicativas\/#article","isPartOf":{"@id":"https:\/\/redcolombianadeposgrados.org\/web\/estudiantes-de-posgrado-se-preparan-para-el-concurso-3mt-con-la-charla-habilidades-blandas-y-competencias-comunicativas\/"},"author":{"name":"Carolay Rodr\u00edguez","@id":"https:\/\/redcolombianadeposgrados.org\/web\/#\/schema\/person\/68697ee783ce0c6c79713a4e9a34abbe"},"headline":"Estudiantes de posgrado se preparan para el Concurso 3MT con la charla &#8220;Habilidades Blandas y Competencias Comunicativas&#8221;","datePublished":"2026-09-04T15:34:11+00:00","dateModified":"2026-09-04T19:36:01+00:00","mainEntityOfPage":{"@id":"https:\/\/redcolombianadeposgrados.org\/web\/estudiantes-de-posgrado-se-preparan-para-el-concurso-3mt-con-la-charla-habilidades-blandas-y-competencias-comunicativas\/"},"wordCount":294,"publisher":{"@id":"https:\/\/redcolombianadeposgrados.org\/web\/#organization"},"image":{"@id":"https:\/\/redcolombianadeposgrados.org\/web\/estudiantes-de-posgrado-se-preparan-para-el-concurso-3mt-con-la-charla-habilidades-blandas-y-competencias-comunicativas\/#primaryimage"},"thumbnailUrl":"https:\/\/redcolombianadeposgrados.org\/web\/wp-content\/uploads\/2026\/09\/ChatGPT-Image-4-sept-2026-10_19_24-a.m.png","articleSection":["Comunicados","Eventos"],"inLanguage":"es-CO"},{"@type":"WebPage","@id":"https:\/\/redcolombianadeposgrados.org\/web\/estudiantes-de-posgrado-se-preparan-para-el-concurso-3mt-con-la-charla-habilidades-blandas-y-competencias-comunicativas\/","url":"https:\/\/redcolombianadeposgrados.org\/web\/estudiantes-de-posgrado-se-preparan-para-el-concurso-3mt-con-la-charla-habilidades-blandas-y-competencias-comunicativas\/","name":"Estudiantes de posgrado se preparan para el Concurso 3MT con la charla \"Habilidades Blandas y Competencias Comunicativas\" - Red Colombiana de Posgrados","isPartOf":{"@id":"https:\/\/redcolombianadeposgrados.org\/web\/#website"},"primaryImageOfPage":{"@id":"https:\/\/redcolombianadeposgrados.org\/web\/estudiantes-de-posgrado-se-preparan-para-el-concurso-3mt-con-la-charla-habilidades-blandas-y-competencias-comunicativas\/#primaryimage"},"image":{"@id":"https:\/\/redcolombianadeposgrados.org\/web\/estudiantes-de-posgrado-se-preparan-para-el-concurso-3mt-con-la-charla-habilidades-blandas-y-competencias-comunicativas\/#primaryimage"},"thumbnailUrl":"https:\/\/redcolombianadeposgrados.org\/web\/wp-content\/uploads\/2026\/09\/ChatGPT-Image-4-sept-2026-10_19_24-a.m.png","datePublished":"2026-09-04T15:34:11+00:00","dateModified":"2026-09-04T19:36:01+00:00","breadcrumb":{"@id":"https:\/\/redcolombianadeposgrados.org\/web\/estudiantes-de-posgrado-se-preparan-para-el-concurso-3mt-con-la-charla-habilidades-blandas-y-competencias-comunicativas\/#breadcrumb"},"inLanguage":"es-CO","potentialAction":[{"@type":"ReadAction","target":["https:\/\/redcolombianadeposgrados.org\/web\/estudiantes-de-posgrado-se-preparan-para-el-concurso-3mt-con-la-charla-habilidades-blandas-y-competencias-comunicativas\/"]}]},{"@type":"ImageObject","inLanguage":"es-CO","@id":"https:\/\/redcolombianadeposgrados.org\/web\/estudiantes-de-posgrado-se-preparan-para-el-concurso-3mt-con-la-charla-habilidades-blandas-y-competencias-comunicativas\/#primaryimage","url":"https:\/\/redcolombianadeposgrados.org\/web\/wp-content\/uploads\/2026\/09\/ChatGPT-Image-4-sept-2026-10_19_24-a.m.png","contentUrl":"https:\/\/redcolombianadeposgrados.org\/web\/wp-content\/uploads\/2026\/09\/ChatGPT-Image-4-sept-2026-10_19_24-a.m.png","width":1944,"height":809},{"@type":"BreadcrumbList","@id":"https:\/\/redcolombianadeposgrados.org\/web\/estudiantes-de-posgrado-se-preparan-para-el-concurso-3mt-con-la-charla-habilidades-blandas-y-competencias-comunicativas\/#breadcrumb","itemListElement":[{"@type":"ListItem","position":1,"name":"Inicio","item":"https:\/\/redcolombianadeposgrados.org\/web\/"},{"@type":"ListItem","position":2,"name":"Estudiantes de posgrado se preparan para el Concurso 3MT con la charla &#8220;Habilidades Blandas y Competencias Comunicativas&#8221;"}]},{"@type":"WebSite","@id":"https:\/\/redcolombianadeposgrados.org\/web\/#website","url":"https:\/\/redcolombianadeposgrados.org\/web\/","name":"Red Colombiana de Posgrados","description":"RCP","publisher":{"@id":"https:\/\/redcolombianadeposgrados.org\/web\/#organization"},"potentialAction":[{"@type":"SearchAction","target":{"@type":"EntryPoint","urlTemplate":"https:\/\/redcolombianadeposgrados.org\/web\/?s={search_term_string}"},"query-input":{"@type":"PropertyValueSpecification","valueRequired":true,"valueName":"search_term_string"}}],"inLanguage":"es-CO"},{"@type":"Organization","@id":"https:\/\/redcolombianadeposgrados.org\/web\/#organization","name":"Red Colombiana de Posgrados","url":"https:\/\/redcolombianadeposgrados.org\/web\/","logo":{"@type":"ImageObject","inLanguage":"es-CO","@id":"https:\/\/redcolombianadeposgrados.org\/web\/#\/schema\/logo\/image\/","url":"https:\/\/redcolombianadeposgrados.org\/web\/wp-content\/uploads\/2023\/04\/logo-rcp-web.png","contentUrl":"https:\/\/redcolombianadeposgrados.org\/web\/wp-content\/uploads\/2023\/04\/logo-rcp-web.png","width":600,"height":182,"caption":"Red Colombiana de Posgrados"},"image":{"@id":"https:\/\/redcolombianadeposgrados.org\/web\/#\/schema\/logo\/image\/"},"sameAs":["https:\/\/www.facebook.com\/ReddePosgrados\/","https:\/\/x.com\/ReddePosgrados","https:\/\/www.instagram.com\/redcolombianadeposgrados\/","https:\/\/www.linkedin.com\/in\/red-colombiana-de-posgrados-46b431196\/","https:\/\/www.youtube.com\/channel\/UCQ4uQlN_Xa4QYR709vqkyJw"]},{"@type":"Person","@id":"https:\/\/redcolombianadeposgrados.org\/web\/#\/schema\/person\/68697ee783ce0c6c79713a4e9a34abbe","name":"Carolay Rodr\u00edguez","image":{"@type":"ImageObject","inLanguage":"es-CO","@id":"\/\/www.gravatar.com\/avatar\/31776ef0a6533d5d336c1d1158a6d360?s=96&#038;r=g&#038;d=mm","url":"\/\/www.gravatar.com\/avatar\/31776ef0a6533d5d336c1d1158a6d360?s=96&#038;r=g&#038;d=mm","contentUrl":"\/\/www.gravatar.com\/avatar\/31776ef0a6533d5d336c1d1158a6d360?s=96&#038;r=g&#038;d=mm","caption":"Carolay Rodr\u00edguez"},"url":"https:\/\/redcolombianadeposgrados.org\/web\/author\/carolay-rodriguez\/"}]}},"rttpg_featured_image_url":{"full":["https:\/\/redcolombianadeposgrados.org\/web\/wp-content\/uploads\/2026\/09\/ChatGPT-Image-4-sept-2026-10_19_24-a.m.png",1944,809,false],"landscape":["https:\/\/redcolombianadeposgrados.org\/web\/wp-content\/uploads\/2026\/09\/ChatGPT-Image-4-sept-2026-10_19_24-a.m.png",1944,809,false],"portraits":["https:\/\/redcolombianadeposgrados.org\/web\/wp-content\/uploads\/2026\/09\/ChatGPT-Image-4-sept-2026-10_19_24-a.m.png",1944,809,false],"thumbnail":["https:\/\/redcolombianadeposgrados.org\/web\/wp-content\/uploads\/2026\/09\/ChatGPT-Image-4-sept-2026-10_19_24-a.m-150x150.png",150,150,true],"medium":["https:\/\/redcolombianadeposgrados.org\/web\/wp-content\/uploads\/2026\/09\/ChatGPT-Image-4-sept-2026-10_19_24-a.m-300x125.png",300,125,true],"large":["https:\/\/redcolombianadeposgrados.org\/web\/wp-content\/uploads\/2026\/09\/ChatGPT-Image-4-sept-2026-10_19_24-a.m-1024x426.png",800,333,true],"thumblist":["https:\/\/redcolombianadeposgrados.org\/web\/wp-content\/uploads\/2026\/09\/ChatGPT-Image-4-sept-2026-10_19_24-a.m-300x300.png",300,300,true],"thumbrelated":["https:\/\/redcolombianadeposgrados.org\/web\/wp-content\/uploads\/2026\/09\/ChatGPT-Image-4-sept-2026-10_19_24-a.m-500x500.png",500,500,true],"meccarouselthumb":["https:\/\/redcolombianadeposgrados.org\/web\/wp-content\/uploads\/2026\/09\/ChatGPT-Image-4-sept-2026-10_19_24-a.m-474x324.png",474,324,true],"gridsquare":["https:\/\/redcolombianadeposgrados.org\/web\/wp-content\/uploads\/2026\/09\/ChatGPT-Image-4-sept-2026-10_19_24-a.m-391x260.png",391,260,true],"tileview":["https:\/\/redcolombianadeposgrados.org\/web\/wp-content\/uploads\/2026\/09\/ChatGPT-Image-4-sept-2026-10_19_24-a.m-300x400.png",300,400,true],"1536x1536":["https:\/\/redcolombianadeposgrados.org\/web\/wp-content\/uploads\/2026\/09\/ChatGPT-Image-4-sept-2026-10_19_24-a.m-1536x639.png",1536,639,true],"2048x2048":["https:\/\/redcolombianadeposgrados.org\/web\/wp-content\/uploads\/2026\/09\/ChatGPT-Image-4-sept-2026-10_19_24-a.m.png",1944,809,false]},"rttpg_author":{"display_name":"Carolay Rodr\u00edguez","author_link":"https:\/\/redcolombianadeposgrados.org\/web\/author\/carolay-rodriguez\/"},"rttpg_comment":0,"rttpg_category":"<a href=\"https:\/\/redcolombianadeposgrados.org\/web\/category\/comunicados\/\" rel=\"category tag\">Comunicados<\/a> <a href=\"https:\/\/redcolombianadeposgrados.org\/web\/category\/eventos\/\" rel=\"category tag\">Eventos<\/a>","rttpg_excerpt":"La Red Colombiana de Posgrados invita a los estudiantes de posgrado a la charla \"Habilidades Blandas y Competencias Comunicativas\", actividad preparatoria del Concurso Tesis en Tres Minutos (3MT) RCP 2026. Martes 8 de septiembre, 10:00 a.m., en modalidad virtual con transmisi\u00f3n por YouTube.","_links":{"self":[{"href":"https:\/\/redcolombianadeposgrados.org\/web\/wp-json\/wp\/v2\/posts\/8388","targetHints":{"allow":["GET"]}}],"collection":[{"href":"https:\/\/redcolombianadeposgrados.org\/web\/wp-json\/wp\/v2\/posts"}],"about":[{"href":"https:\/\/redcolombianadeposgrados.org\/web\/wp-json\/wp\/v2\/types\/post"}],"author":[{"embeddable":true,"href":"https:\/\/redcolombianadeposgrados.org\/web\/wp-json\/wp\/v2\/users\/78"}],"replies":[{"embeddable":true,"href":"https:\/\/redcolombianadeposgrados.org\/web\/wp-json\/wp\/v2\/comments?post=8388"}],"version-history":[{"count":9,"href":"https:\/\/redcolombianadeposgrados.org\/web\/wp-json\/wp\/v2\/posts\/8388\/revisions"}],"predecessor-version":[{"id":8399,"href":"https:\/\/redcolombianadeposgrados.org\/web\/wp-json\/wp\/v2\/posts\/8388\/revisions\/8399"}],"wp:featuredmedia":[{"embeddable":true,"href":"https:\/\/redcolombianadeposgrados.org\/web\/wp-json\/wp\/v2\/media\/8387"}],"wp:attachment":[{"href":"https:\/\/redcolombianadeposgrados.org\/web\/wp-json\/wp\/v2\/media?parent=8388"}],"wp:term":[{"taxonomy":"category","embeddable":true,"href":"https:\/\/redcolombianadeposgrados.org\/web\/wp-json\/wp\/v2\/categories?post=8388"},{"taxonomy":"post_tag","embeddable":true,"href":"https:\/\/redcolombianadeposgrados.org\/web\/wp-json\/wp\/v2\/tags?post=8388"}],"curies":[{"name":"wp","href":"https:\/\/api.w.org\/{rel}","templated":true}]}}